{"id":9,"count":3,"description":"Gr\u00e2ce \u00e0 cette formation vous d\u00e9couvrirez comment valoriser votre activit\u00e9 aupr\u00e8s des m\u00e9dias, dans la presse locale, aupr\u00e8s des influenceurs.","link":"https:\/\/juliencaudrelier.fr\/index.php\/category\/relations-presse\/","name":"Relations presse","slug":"relations-presse","taxonomy":"category","parent":0,"meta":[],"yoast_head":"<!-- This site is optimized with the Yoast SEO plugin v27.5 - https:\/\/yoast.com\/product\/yoast-seo-wordpress\/ -->\n<title>Archives des Relations presse - Julien Caudrelier communication efficace<\/title>\n<meta name=\"description\" content=\"Gr\u00e2ce \u00e0 cette formation vous d\u00e9couvrirez comment valoriser votre activit\u00e9 aupr\u00e8s des m\u00e9dias, dans la presse locale, aupr\u00e8s des influenceurs.\" \/>\n<meta name=\"robots\" content=\"index, follow, max-snippet:-1, max-image-preview:large, max-video-preview:-1\" \/>\n<link rel=\"canonical\" href=\"https:\/\/juliencaudrelier.fr\/index.php\/category\/relations-presse\/\" \/>\n<meta property=\"og:locale\" content=\"fr_FR\" \/>\n<meta property=\"og:type\" content=\"article\" \/>\n<meta property=\"og:title\" content=\"Archives des Relations presse - Julien Caudrelier communication efficace\" \/>\n<meta property=\"og:description\" content=\"Gr\u00e2ce \u00e0 cette formation vous d\u00e9couvrirez comment valoriser votre activit\u00e9 aupr\u00e8s des m\u00e9dias, dans la presse locale, aupr\u00e8s des influenceurs.\" \/>\n<meta property=\"og:url\" content=\"https:\/\/juliencaudrelier.fr\/index.php\/category\/relations-presse\/\" \/>\n<meta property=\"og:site_name\" content=\"Julien Caudrelier communication efficace\" \/>\n<meta name=\"twitter:card\" content=\"summary_large_image\" \/>\n<script type=\"application\/ld+json\" class=\"yoast-schema-graph\">{\"@context\":\"https:\\\/\\\/schema.org\",\"@graph\":[{\"@type\":\"CollectionPage\",\"@id\":\"https:\\\/\\\/juliencaudrelier.fr\\\/index.php\\\/category\\\/relations-presse\\\/\",\"url\":\"https:\\\/\\\/juliencaudrelier.fr\\\/index.php\\\/category\\\/relations-presse\\\/\",\"name\":\"Archives des Relations presse - Julien Caudrelier communication efficace\",\"isPartOf\":{\"@id\":\"https:\\\/\\\/juliencaudrelier.fr\\\/#website\"},\"description\":\"Gr\u00e2ce \u00e0 cette formation vous d\u00e9couvrirez comment valoriser votre activit\u00e9 aupr\u00e8s des m\u00e9dias, dans la presse locale, aupr\u00e8s des influenceurs.\",\"breadcrumb\":{\"@id\":\"https:\\\/\\\/juliencaudrelier.fr\\\/index.php\\\/category\\\/relations-presse\\\/#breadcrumb\"},\"inLanguage\":\"fr-FR\"},{\"@type\":\"BreadcrumbList\",\"@id\":\"https:\\\/\\\/juliencaudrelier.fr\\\/index.php\\\/category\\\/relations-presse\\\/#breadcrumb\",\"itemListElement\":[{\"@type\":\"ListItem\",\"position\":1,\"name\":\"Accueil\",\"item\":\"https:\\\/\\\/juliencaudrelier.fr\\\/\"},{\"@type\":\"ListItem\",\"position\":2,\"name\":\"Relations presse\"}]},{\"@type\":\"WebSite\",\"@id\":\"https:\\\/\\\/juliencaudrelier.fr\\\/#website\",\"url\":\"https:\\\/\\\/juliencaudrelier.fr\\\/\",\"name\":\"Julien Caudrelier communication efficace\",\"description\":\"Consultant formateur strat\u00e9gie de communication\",\"publisher\":{\"@id\":\"https:\\\/\\\/juliencaudrelier.fr\\\/#organization\"},\"potentialAction\":[{\"@type\":\"SearchAction\",\"target\":{\"@type\":\"EntryPoint\",\"urlTemplate\":\"https:\\\/\\\/juliencaudrelier.fr\\\/?s={search_term_string}\"},\"query-input\":{\"@type\":\"PropertyValueSpecification\",\"valueRequired\":true,\"valueName\":\"search_term_string\"}}],\"inLanguage\":\"fr-FR\"},{\"@type\":\"Organization\",\"@id\":\"https:\\\/\\\/juliencaudrelier.fr\\\/#organization\",\"name\":\"Julien Caudrelier conseil en strat\u00e9gie de communication\",\"url\":\"https:\\\/\\\/juliencaudrelier.fr\\\/\",\"logo\":{\"@type\":\"ImageObject\",\"inLanguage\":\"fr-FR\",\"@id\":\"https:\\\/\\\/juliencaudrelier.fr\\\/#\\\/schema\\\/logo\\\/image\\\/\",\"url\":\"https:\\\/\\\/juliencaudrelier.fr\\\/wp-content\\\/uploads\\\/2020\\\/08\\\/cropped-julien-Caudrelier-2-1.png\",\"contentUrl\":\"https:\\\/\\\/juliencaudrelier.fr\\\/wp-content\\\/uploads\\\/2020\\\/08\\\/cropped-julien-Caudrelier-2-1.png\",\"width\":486,\"height\":137,\"caption\":\"Julien Caudrelier conseil en strat\u00e9gie de communication\"},\"image\":{\"@id\":\"https:\\\/\\\/juliencaudrelier.fr\\\/#\\\/schema\\\/logo\\\/image\\\/\"},\"sameAs\":[\"https:\\\/\\\/www.linkedin.com\\\/in\\\/julien-caudrelier-71933710b\\\/\"]}]}<\/script>\n<!-- \/ Yoast SEO plugin. -->","yoast_head_json":{"title":"Archives des Relations presse - Julien Caudrelier communication efficace","description":"Gr\u00e2ce \u00e0 cette formation vous d\u00e9couvrirez comment valoriser votre activit\u00e9 aupr\u00e8s des m\u00e9dias, dans la presse locale, aupr\u00e8s des influenceurs.","robots":{"index":"index","follow":"follow","max-snippet":"max-snippet:-1","max-image-preview":"max-image-preview:large","max-video-preview":"max-video-preview:-1"},"canonical":"https:\/\/juliencaudrelier.fr\/index.php\/category\/relations-presse\/","og_locale":"fr_FR","og_type":"article","og_title":"Archives des Relations presse - Julien Caudrelier communication efficace","og_description":"Gr\u00e2ce \u00e0 cette formation vous d\u00e9couvrirez comment valoriser votre activit\u00e9 aupr\u00e8s des m\u00e9dias, dans la presse locale, aupr\u00e8s des influenceurs.","og_url":"https:\/\/juliencaudrelier.fr\/index.php\/category\/relations-presse\/","og_site_name":"Julien Caudrelier communication efficace","twitter_card":"summary_large_image","schema":{"@context":"https:\/\/schema.org","@graph":[{"@type":"CollectionPage","@id":"https:\/\/juliencaudrelier.fr\/index.php\/category\/relations-presse\/","url":"https:\/\/juliencaudrelier.fr\/index.php\/category\/relations-presse\/","name":"Archives des Relations presse - Julien Caudrelier communication efficace","isPartOf":{"@id":"https:\/\/juliencaudrelier.fr\/#website"},"description":"Gr\u00e2ce \u00e0 cette formation vous d\u00e9couvrirez comment valoriser votre activit\u00e9 aupr\u00e8s des m\u00e9dias, dans la presse locale, aupr\u00e8s des influenceurs.","breadcrumb":{"@id":"https:\/\/juliencaudrelier.fr\/index.php\/category\/relations-presse\/#breadcrumb"},"inLanguage":"fr-FR"},{"@type":"BreadcrumbList","@id":"https:\/\/juliencaudrelier.fr\/index.php\/category\/relations-presse\/#breadcrumb","itemListElement":[{"@type":"ListItem","position":1,"name":"Accueil","item":"https:\/\/juliencaudrelier.fr\/"},{"@type":"ListItem","position":2,"name":"Relations presse"}]},{"@type":"WebSite","@id":"https:\/\/juliencaudrelier.fr\/#website","url":"https:\/\/juliencaudrelier.fr\/","name":"Julien Caudrelier communication efficace","description":"Consultant formateur strat\u00e9gie de communication","publisher":{"@id":"https:\/\/juliencaudrelier.fr\/#organization"},"potentialAction":[{"@type":"SearchAction","target":{"@type":"EntryPoint","urlTemplate":"https:\/\/juliencaudrelier.fr\/?s={search_term_string}"},"query-input":{"@type":"PropertyValueSpecification","valueRequired":true,"valueName":"search_term_string"}}],"inLanguage":"fr-FR"},{"@type":"Organization","@id":"https:\/\/juliencaudrelier.fr\/#organization","name":"Julien Caudrelier conseil en strat\u00e9gie de communication","url":"https:\/\/juliencaudrelier.fr\/","logo":{"@type":"ImageObject","inLanguage":"fr-FR","@id":"https:\/\/juliencaudrelier.fr\/#\/schema\/logo\/image\/","url":"https:\/\/juliencaudrelier.fr\/wp-content\/uploads\/2020\/08\/cropped-julien-Caudrelier-2-1.png","contentUrl":"https:\/\/juliencaudrelier.fr\/wp-content\/uploads\/2020\/08\/cropped-julien-Caudrelier-2-1.png","width":486,"height":137,"caption":"Julien Caudrelier conseil en strat\u00e9gie de communication"},"image":{"@id":"https:\/\/juliencaudrelier.fr\/#\/schema\/logo\/image\/"},"sameAs":["https:\/\/www.linkedin.com\/in\/julien-caudrelier-71933710b\/"]}]}},"_links":{"self":[{"href":"https:\/\/juliencaudrelier.fr\/index.php\/wp-json\/wp\/v2\/categories\/9","targetHints":{"allow":["GET"]}}],"collection":[{"href":"https:\/\/juliencaudrelier.fr\/index.php\/wp-json\/wp\/v2\/categories"}],"about":[{"href":"https:\/\/juliencaudrelier.fr\/index.php\/wp-json\/wp\/v2\/taxonomies\/category"}],"wp:post_type":[{"href":"https:\/\/juliencaudrelier.fr\/index.php\/wp-json\/wp\/v2\/posts?categories=9"}],"curies":[{"name":"wp","href":"https:\/\/api.w.org\/{rel}","templated":true}]}}